{"id":398,"date":"2025-10-29T09:27:39","date_gmt":"2025-10-29T09:27:39","guid":{"rendered":"https:\/\/www.actluz.com\/blog\/?p=398"},"modified":"2025-10-29T09:27:39","modified_gmt":"2025-10-29T09:27:39","slug":"puede-ser-corporativa-la-iluminacion-de-un-negocio","status":"publish","type":"post","link":"https:\/\/www.actluz.com\/blog\/puede-ser-corporativa-la-iluminacion-de-un-negocio\/","title":{"rendered":"\u00bfPuede ser corporativa la iluminaci\u00f3n de un negocio?"},"content":{"rendered":"<p><img fetchpriority=\"high\" decoding=\"async\" class=\"aligncenter wp-image-399 size-full\" src=\"https:\/\/www.actluz.com\/blog\/wp-content\/uploads\/2025\/10\/iluminacion-.jpg\" alt=\"iluminaci\u00f3n de un negocio\" width=\"1500\" height=\"1001\" srcset=\"https:\/\/www.actluz.com\/blog\/wp-content\/uploads\/2025\/10\/iluminacion-.jpg 1500w, https:\/\/www.actluz.com\/blog\/wp-content\/uploads\/2025\/10\/iluminacion--300x200.jpg 300w, https:\/\/www.actluz.com\/blog\/wp-content\/uploads\/2025\/10\/iluminacion--1024x683.jpg 1024w, https:\/\/www.actluz.com\/blog\/wp-content\/uploads\/2025\/10\/iluminacion--768x513.jpg 768w\" sizes=\"(max-width: 1500px) 100vw, 1500px\" \/><\/p>\n<p><span style=\"font-weight: 400;\">La <\/span><b>iluminaci\u00f3n de un negocio<\/b><span style=\"font-weight: 400;\"> puede resultar clave para atraer y fidelizar a la clientela, especialmente en algunos establecimientos comerciales en los que su papel para generar una atm\u00f3sfera concreta resulta determinante.<\/span><\/p>\n<p><span style=\"font-weight: 400;\">No siempre es f\u00e1cil acertar con las decisiones que se toman a la hora de iluminar un espacio laboral o comercial, por eso es tan importante ponerte en manos profesionales como las del equipo que formamos <\/span><a href=\"https:\/\/www.actluz.com\/\" target=\"_blank\" rel=\"noopener\"><b>ACT<\/b><\/a><span style=\"font-weight: 400;\">. Al fin y al cabo, la iluminaci\u00f3n no solo puede, sino que debe ser otro elemento m\u00e1s de tu imagen corporativa y ayudar a transmitir una imagen concreta de tu negocio.<\/span><!--more--><\/p>\n<h2><b>La iluminaci\u00f3n de un negocio tambi\u00e9n refleja lo que eres\u00a0<\/b><\/h2>\n<p>&nbsp;<\/p>\n<p><b>1.- Es imagen de marca<\/b><span style=\"font-weight: 400;\">: La <\/span><b>iluminaci\u00f3n de un negocio<\/b><span style=\"font-weight: 400;\">\u00a0tiene la capacidad de mostrarse como una parte m\u00e1s de la identidad de la empresa. Lo que queremos decir es que, ya sea en una tienda, una oficina o un stand, la forma de iluminar tambi\u00e9n es un reflejo de la marca.\u00a0<\/span><\/p>\n<p><span style=\"font-weight: 400;\">El branding es fundamental hoy en d\u00eda y no se debe perder la oportunidad de mostrar los valores y los principios de la empresa. Esto es especialmente \u00fatil cuando te quieres diferenciar de la competencia, ya que apostando por un tipo de iluminaci\u00f3n concreta estar\u00e1s haciendo que tu negocio se convierta en un espacio m\u00e1s reconocible y memorable. Lo que debes intentar es que sea funcional, a la vez que acogedora. Crear una buena atm\u00f3sfera solo te traer\u00e1 beneficios.\u00a0<\/span><\/p>\n<p><b>2.- Aporta decoraci\u00f3n<\/b><span style=\"font-weight: 400;\">: La iluminaci\u00f3n de un negocio tambi\u00e9n tiene una importante dimensi\u00f3n decorativa, tanto en espacios comerciales como en espacios de trabajo. Por eso, es muy importante que tengas claro el estilo de la iluminaci\u00f3n.\u00a0<\/span><\/p>\n<p><span style=\"font-weight: 400;\">Debes tener claro aspectos como utilizar l\u00e1mparas de techo o apliques indirectos o incluso l\u00e1mparas de pie. T\u00fa decides en funci\u00f3n de lo que quieres generar.\u00a0<\/span><\/p>\n<p><span style=\"font-weight: 400;\">Al margen de esto, tambi\u00e9n debes pensar en el tono de la luz, si a tu marca corporativa se ve m\u00e1s reflejada en una luz c\u00e1lida o en una luz m\u00e1s fr\u00eda. Tienes que valorar qu\u00e9 es lo que se puede hacer para que tu compa\u00f1\u00eda sea m\u00e1s reconocida.\u00a0<\/span><\/p>\n<p><span style=\"font-weight: 400;\">Por supuesto, tambi\u00e9n deber\u00e1s cuidar la intensidad. Quiz\u00e1s no necesitas la misma para todos los espacios y aqu\u00ed es donde la experiencia de unos <\/span><a href=\"https:\/\/www.actluz.com\/iluminacion.html\" target=\"_blank\" rel=\"noopener\"><span style=\"font-weight: 400;\">expertos en iluminaci\u00f3n en Palma de Mallorca<\/span><\/a><span style=\"font-weight: 400;\"> como nosotros puede serte de gran ayuda.<\/span><\/p>\n<p><span style=\"font-weight: 400;\">\u00bfQu\u00e9 es lo que deseas para <\/span>iluminar tu negocio<span style=\"font-weight: 400;\">? Piensa en lo que te hemos contado y haz una buena planificaci\u00f3n para acertar con las decisiones que vayas a tomar. Tus clientes pueden llegar a valorar muchos aspectos sobre ti, as\u00ed que pon todo tu esfuerzo en darles todo lo que se merecen.\u00a0\u00a0\u00a0<\/span><\/p>\n<p><span style=\"font-weight: 400;\">En resumen, intenta decorar con una iluminaci\u00f3n perfectamente cuidada y saldr\u00e1s ganando.\u00a0 Nosotros podemos ayudarte para conseguir esa iluminaci\u00f3n corporativa de calidad. S\u00ed, c\u00f3mo <\/span><a href=\"https:\/\/www.actluz.com\/blog\/como-tiene-que-ser-la-iluminacion-de-un-escaparate\/\" target=\"_blank\" rel=\"noopener\"><b>ilumines<\/b><\/a><span style=\"font-weight: 400;\"> tu entorno comercial y profesional puede enviar se\u00f1ales de lo que eres como empresa. \u00a1Descubre m\u00e1s sobre la <strong>iluminaci\u00f3n de un negocio<\/strong>!\u00a0<\/span><\/p>\n<p>&nbsp;<\/p>\n","protected":false},"excerpt":{"rendered":"<p>La iluminaci\u00f3n de un negocio puede resultar clave para atraer y fidelizar a la clientela, especialmente en algunos establecimientos comerciales [&hellip;]<\/p>\n","protected":false},"author":3,"featured_media":399,"comment_status":"closed","ping_status":"open","sticky":false,"template":"","format":"standard","meta":{"_uag_custom_page_level_css":"","site-sidebar-layout":"default","site-content-layout":"","ast-site-content-layout":"default","site-content-style":"default","site-sidebar-style":"default","ast-global-header-display":"","ast-banner-title-visibility":"","ast-main-header-display":"","ast-hfb-above-header-display":"","ast-hfb-below-header-display":"","ast-hfb-mobile-header-display":"","site-post-title":"","ast-breadcrumbs-content":"","ast-featured-img":"","footer-sml-layout":"","theme-transparent-header-meta":"default","adv-header-id-meta":"","stick-header-meta":"","header-above-stick-meta":"","header-main-stick-meta":"","header-below-stick-meta":"","astra-migrate-meta-layouts":"set","ast-page-background-enabled":"default","ast-page-background-meta":{"desktop":{"background-color":"var(--ast-global-color-4)","background-image":"","background-repeat":"repeat","background-position":"center center","background-size":"auto","background-attachment":"scroll","background-type":"","background-media":"","overlay-type":"","overlay-color":"","overlay-gradient":""},"tablet":{"background-color":"","background-image":"","background-repeat":"repeat","background-position":"center center","background-size":"auto","background-attachment":"scroll","background-type":"","background-media":"","overlay-type":"","overlay-color":"","overlay-gradient":""},"mobile":{"background-color":"","background-image":"","background-repeat":"repeat","background-position":"center center","background-size":"auto","background-attachment":"scroll","background-type":"","background-media":"","overlay-type":"","overlay-color":"","overlay-gradient":""}},"ast-content-background-meta":{"desktop":{"background-color":"var(--ast-global-color-5)","background-image":"","background-repeat":"repeat","background-position":"center center","background-size":"auto","background-attachment":"scroll","background-type":"","background-media":"","overlay-type":"","overlay-color":"","overlay-gradient":""},"tablet":{"background-color":"var(--ast-global-color-5)","background-image":"","background-repeat":"repeat","background-position":"center center","background-size":"auto","background-attachment":"scroll","background-type":"","background-media":"","overlay-type":"","overlay-color":"","overlay-gradient":""},"mobile":{"background-color":"var(--ast-global-color-5)","background-image":"","background-repeat":"repeat","background-position":"center center","background-size":"auto","background-attachment":"scroll","background-type":"","background-media":"","overlay-type":"","overlay-color":"","overlay-gradient":""}},"footnotes":""},"categories":[5],"tags":[],"yoast_head":"<!-- This site is optimized with the Yoast SEO plugin v22.8 - https:\/\/yoast.com\/wordpress\/plugins\/seo\/ -->\n<title>\u00bfPuede ser corporativa la iluminaci\u00f3n de un negocio?<\/title>\n<meta name=\"description\" content=\"\u00bfPuede ser corporativa la iluminaci\u00f3n de un negocio? La realidad es que s\u00ed. Puede marcar diferencias. Te decimo c\u00f3mo.\" \/>\n<meta name=\"robots\" content=\"index, follow, max-snippet:-1, max-image-preview:large, max-video-preview:-1\" \/>\n<link rel=\"canonical\" href=\"https:\/\/www.actluz.com\/blog\/puede-ser-corporativa-la-iluminacion-de-un-negocio\/\" \/>\n<meta property=\"og:locale\" content=\"es_ES\" \/>\n<meta property=\"og:type\" content=\"article\" \/>\n<meta property=\"og:title\" content=\"\u00bfPuede ser corporativa la iluminaci\u00f3n de un negocio?\" \/>\n<meta property=\"og:description\" content=\"\u00bfPuede ser corporativa la iluminaci\u00f3n de un negocio? La realidad es que s\u00ed. Puede marcar diferencias. Te decimo c\u00f3mo.\" \/>\n<meta property=\"og:url\" content=\"https:\/\/www.actluz.com\/blog\/puede-ser-corporativa-la-iluminacion-de-un-negocio\/\" \/>\n<meta property=\"og:site_name\" content=\"Blog ACT Luz\" \/>\n<meta property=\"article:published_time\" content=\"2025-10-29T09:27:39+00:00\" \/>\n<meta property=\"og:image\" content=\"https:\/\/www.actluz.com\/blog\/wp-content\/uploads\/2025\/10\/iluminacion-.jpg\" \/>\n\t<meta property=\"og:image:width\" content=\"1500\" \/>\n\t<meta property=\"og:image:height\" content=\"1001\" \/>\n\t<meta property=\"og:image:type\" content=\"image\/jpeg\" \/>\n<meta name=\"author\" content=\"Copys\" \/>\n<meta name=\"twitter:card\" content=\"summary_large_image\" \/>\n<meta name=\"twitter:label1\" content=\"Escrito por\" \/>\n\t<meta name=\"twitter:data1\" content=\"Copys\" \/>\n\t<meta name=\"twitter:label2\" content=\"Tiempo de lectura\" \/>\n\t<meta name=\"twitter:data2\" content=\"3 minutos\" \/>\n<script type=\"application\/ld+json\" class=\"yoast-schema-graph\">{\"@context\":\"https:\/\/schema.org\",\"@graph\":[{\"@type\":\"Article\",\"@id\":\"https:\/\/www.actluz.com\/blog\/puede-ser-corporativa-la-iluminacion-de-un-negocio\/#article\",\"isPartOf\":{\"@id\":\"https:\/\/www.actluz.com\/blog\/puede-ser-corporativa-la-iluminacion-de-un-negocio\/\"},\"author\":{\"name\":\"Copys\",\"@id\":\"https:\/\/www.actluz.com\/blog\/#\/schema\/person\/988e0eeb3b9f27ef9707a3e9e793bf51\"},\"headline\":\"\u00bfPuede ser corporativa la iluminaci\u00f3n de un negocio?\",\"datePublished\":\"2025-10-29T09:27:39+00:00\",\"dateModified\":\"2025-10-29T09:27:39+00:00\",\"mainEntityOfPage\":{\"@id\":\"https:\/\/www.actluz.com\/blog\/puede-ser-corporativa-la-iluminacion-de-un-negocio\/\"},\"wordCount\":543,\"publisher\":{\"@id\":\"https:\/\/www.actluz.com\/blog\/#organization\"},\"image\":{\"@id\":\"https:\/\/www.actluz.com\/blog\/puede-ser-corporativa-la-iluminacion-de-un-negocio\/#primaryimage\"},\"thumbnailUrl\":\"https:\/\/www.actluz.com\/blog\/wp-content\/uploads\/2025\/10\/iluminacion-.jpg\",\"articleSection\":[\"Entrada blog\"],\"inLanguage\":\"es\"},{\"@type\":\"WebPage\",\"@id\":\"https:\/\/www.actluz.com\/blog\/puede-ser-corporativa-la-iluminacion-de-un-negocio\/\",\"url\":\"https:\/\/www.actluz.com\/blog\/puede-ser-corporativa-la-iluminacion-de-un-negocio\/\",\"name\":\"\u00bfPuede ser corporativa la iluminaci\u00f3n de un negocio?\",\"isPartOf\":{\"@id\":\"https:\/\/www.actluz.com\/blog\/#website\"},\"primaryImageOfPage\":{\"@id\":\"https:\/\/www.actluz.com\/blog\/puede-ser-corporativa-la-iluminacion-de-un-negocio\/#primaryimage\"},\"image\":{\"@id\":\"https:\/\/www.actluz.com\/blog\/puede-ser-corporativa-la-iluminacion-de-un-negocio\/#primaryimage\"},\"thumbnailUrl\":\"https:\/\/www.actluz.com\/blog\/wp-content\/uploads\/2025\/10\/iluminacion-.jpg\",\"datePublished\":\"2025-10-29T09:27:39+00:00\",\"dateModified\":\"2025-10-29T09:27:39+00:00\",\"description\":\"\u00bfPuede ser corporativa la iluminaci\u00f3n de un negocio? La realidad es que s\u00ed. Puede marcar diferencias. Te decimo c\u00f3mo.\",\"breadcrumb\":{\"@id\":\"https:\/\/www.actluz.com\/blog\/puede-ser-corporativa-la-iluminacion-de-un-negocio\/#breadcrumb\"},\"inLanguage\":\"es\",\"potentialAction\":[{\"@type\":\"ReadAction\",\"target\":[\"https:\/\/www.actluz.com\/blog\/puede-ser-corporativa-la-iluminacion-de-un-negocio\/\"]}]},{\"@type\":\"ImageObject\",\"inLanguage\":\"es\",\"@id\":\"https:\/\/www.actluz.com\/blog\/puede-ser-corporativa-la-iluminacion-de-un-negocio\/#primaryimage\",\"url\":\"https:\/\/www.actluz.com\/blog\/wp-content\/uploads\/2025\/10\/iluminacion-.jpg\",\"contentUrl\":\"https:\/\/www.actluz.com\/blog\/wp-content\/uploads\/2025\/10\/iluminacion-.jpg\",\"width\":1500,\"height\":1001,\"caption\":\"iluminaci\u00f3n de un negocio\"},{\"@type\":\"BreadcrumbList\",\"@id\":\"https:\/\/www.actluz.com\/blog\/puede-ser-corporativa-la-iluminacion-de-un-negocio\/#breadcrumb\",\"itemListElement\":[{\"@type\":\"ListItem\",\"position\":1,\"name\":\"Portada\",\"item\":\"https:\/\/www.actluz.com\/blog\/\"},{\"@type\":\"ListItem\",\"position\":2,\"name\":\"\u00bfPuede ser corporativa la iluminaci\u00f3n de un negocio?\"}]},{\"@type\":\"WebSite\",\"@id\":\"https:\/\/www.actluz.com\/blog\/#website\",\"url\":\"https:\/\/www.actluz.com\/blog\/\",\"name\":\"Blog ACT Luz\",\"description\":\"\",\"publisher\":{\"@id\":\"https:\/\/www.actluz.com\/blog\/#organization\"},\"potentialAction\":[{\"@type\":\"SearchAction\",\"target\":{\"@type\":\"EntryPoint\",\"urlTemplate\":\"https:\/\/www.actluz.com\/blog\/?s={search_term_string}\"},\"query-input\":\"required name=search_term_string\"}],\"inLanguage\":\"es\"},{\"@type\":\"Organization\",\"@id\":\"https:\/\/www.actluz.com\/blog\/#organization\",\"name\":\"Blog ACT Luz\",\"url\":\"https:\/\/www.actluz.com\/blog\/\",\"logo\":{\"@type\":\"ImageObject\",\"inLanguage\":\"es\",\"@id\":\"https:\/\/www.actluz.com\/blog\/#\/schema\/logo\/image\/\",\"url\":\"https:\/\/www.actluz.com\/blog\/wp-content\/uploads\/2024\/05\/cropped-logo_ACT_200x100.png\",\"contentUrl\":\"https:\/\/www.actluz.com\/blog\/wp-content\/uploads\/2024\/05\/cropped-logo_ACT_200x100.png\",\"width\":200,\"height\":100,\"caption\":\"Blog ACT Luz\"},\"image\":{\"@id\":\"https:\/\/www.actluz.com\/blog\/#\/schema\/logo\/image\/\"}},{\"@type\":\"Person\",\"@id\":\"https:\/\/www.actluz.com\/blog\/#\/schema\/person\/988e0eeb3b9f27ef9707a3e9e793bf51\",\"name\":\"Copys\",\"image\":{\"@type\":\"ImageObject\",\"inLanguage\":\"es\",\"@id\":\"https:\/\/www.actluz.com\/blog\/#\/schema\/person\/image\/\",\"url\":\"https:\/\/secure.gravatar.com\/avatar\/be722cb072877c8a4b5dab2b36a55ce7?s=96&d=mm&r=g\",\"contentUrl\":\"https:\/\/secure.gravatar.com\/avatar\/be722cb072877c8a4b5dab2b36a55ce7?s=96&d=mm&r=g\",\"caption\":\"Copys\"},\"url\":\"https:\/\/www.actluz.com\/blog\/author\/copys\/\"}]}<\/script>\n<!-- \/ Yoast SEO plugin. -->","yoast_head_json":{"title":"\u00bfPuede ser corporativa la iluminaci\u00f3n de un negocio?","description":"\u00bfPuede ser corporativa la iluminaci\u00f3n de un negocio? La realidad es que s\u00ed. Puede marcar diferencias. Te decimo c\u00f3mo.","robots":{"index":"index","follow":"follow","max-snippet":"max-snippet:-1","max-image-preview":"max-image-preview:large","max-video-preview":"max-video-preview:-1"},"canonical":"https:\/\/www.actluz.com\/blog\/puede-ser-corporativa-la-iluminacion-de-un-negocio\/","og_locale":"es_ES","og_type":"article","og_title":"\u00bfPuede ser corporativa la iluminaci\u00f3n de un negocio?","og_description":"\u00bfPuede ser corporativa la iluminaci\u00f3n de un negocio? La realidad es que s\u00ed. Puede marcar diferencias. Te decimo c\u00f3mo.","og_url":"https:\/\/www.actluz.com\/blog\/puede-ser-corporativa-la-iluminacion-de-un-negocio\/","og_site_name":"Blog ACT Luz","article_published_time":"2025-10-29T09:27:39+00:00","og_image":[{"width":1500,"height":1001,"url":"https:\/\/www.actluz.com\/blog\/wp-content\/uploads\/2025\/10\/iluminacion-.jpg","type":"image\/jpeg"}],"author":"Copys","twitter_card":"summary_large_image","twitter_misc":{"Escrito por":"Copys","Tiempo de lectura":"3 minutos"},"schema":{"@context":"https:\/\/schema.org","@graph":[{"@type":"Article","@id":"https:\/\/www.actluz.com\/blog\/puede-ser-corporativa-la-iluminacion-de-un-negocio\/#article","isPartOf":{"@id":"https:\/\/www.actluz.com\/blog\/puede-ser-corporativa-la-iluminacion-de-un-negocio\/"},"author":{"name":"Copys","@id":"https:\/\/www.actluz.com\/blog\/#\/schema\/person\/988e0eeb3b9f27ef9707a3e9e793bf51"},"headline":"\u00bfPuede ser corporativa la iluminaci\u00f3n de un negocio?","datePublished":"2025-10-29T09:27:39+00:00","dateModified":"2025-10-29T09:27:39+00:00","mainEntityOfPage":{"@id":"https:\/\/www.actluz.com\/blog\/puede-ser-corporativa-la-iluminacion-de-un-negocio\/"},"wordCount":543,"publisher":{"@id":"https:\/\/www.actluz.com\/blog\/#organization"},"image":{"@id":"https:\/\/www.actluz.com\/blog\/puede-ser-corporativa-la-iluminacion-de-un-negocio\/#primaryimage"},"thumbnailUrl":"https:\/\/www.actluz.com\/blog\/wp-content\/uploads\/2025\/10\/iluminacion-.jpg","articleSection":["Entrada blog"],"inLanguage":"es"},{"@type":"WebPage","@id":"https:\/\/www.actluz.com\/blog\/puede-ser-corporativa-la-iluminacion-de-un-negocio\/","url":"https:\/\/www.actluz.com\/blog\/puede-ser-corporativa-la-iluminacion-de-un-negocio\/","name":"\u00bfPuede ser corporativa la iluminaci\u00f3n de un negocio?","isPartOf":{"@id":"https:\/\/www.actluz.com\/blog\/#website"},"primaryImageOfPage":{"@id":"https:\/\/www.actluz.com\/blog\/puede-ser-corporativa-la-iluminacion-de-un-negocio\/#primaryimage"},"image":{"@id":"https:\/\/www.actluz.com\/blog\/puede-ser-corporativa-la-iluminacion-de-un-negocio\/#primaryimage"},"thumbnailUrl":"https:\/\/www.actluz.com\/blog\/wp-content\/uploads\/2025\/10\/iluminacion-.jpg","datePublished":"2025-10-29T09:27:39+00:00","dateModified":"2025-10-29T09:27:39+00:00","description":"\u00bfPuede ser corporativa la iluminaci\u00f3n de un negocio? La realidad es que s\u00ed. Puede marcar diferencias. Te decimo c\u00f3mo.","breadcrumb":{"@id":"https:\/\/www.actluz.com\/blog\/puede-ser-corporativa-la-iluminacion-de-un-negocio\/#breadcrumb"},"inLanguage":"es","potentialAction":[{"@type":"ReadAction","target":["https:\/\/www.actluz.com\/blog\/puede-ser-corporativa-la-iluminacion-de-un-negocio\/"]}]},{"@type":"ImageObject","inLanguage":"es","@id":"https:\/\/www.actluz.com\/blog\/puede-ser-corporativa-la-iluminacion-de-un-negocio\/#primaryimage","url":"https:\/\/www.actluz.com\/blog\/wp-content\/uploads\/2025\/10\/iluminacion-.jpg","contentUrl":"https:\/\/www.actluz.com\/blog\/wp-content\/uploads\/2025\/10\/iluminacion-.jpg","width":1500,"height":1001,"caption":"iluminaci\u00f3n de un negocio"},{"@type":"BreadcrumbList","@id":"https:\/\/www.actluz.com\/blog\/puede-ser-corporativa-la-iluminacion-de-un-negocio\/#breadcrumb","itemListElement":[{"@type":"ListItem","position":1,"name":"Portada","item":"https:\/\/www.actluz.com\/blog\/"},{"@type":"ListItem","position":2,"name":"\u00bfPuede ser corporativa la iluminaci\u00f3n de un negocio?"}]},{"@type":"WebSite","@id":"https:\/\/www.actluz.com\/blog\/#website","url":"https:\/\/www.actluz.com\/blog\/","name":"Blog ACT Luz","description":"","publisher":{"@id":"https:\/\/www.actluz.com\/blog\/#organization"},"potentialAction":[{"@type":"SearchAction","target":{"@type":"EntryPoint","urlTemplate":"https:\/\/www.actluz.com\/blog\/?s={search_term_string}"},"query-input":"required name=search_term_string"}],"inLanguage":"es"},{"@type":"Organization","@id":"https:\/\/www.actluz.com\/blog\/#organization","name":"Blog ACT Luz","url":"https:\/\/www.actluz.com\/blog\/","logo":{"@type":"ImageObject","inLanguage":"es","@id":"https:\/\/www.actluz.com\/blog\/#\/schema\/logo\/image\/","url":"https:\/\/www.actluz.com\/blog\/wp-content\/uploads\/2024\/05\/cropped-logo_ACT_200x100.png","contentUrl":"https:\/\/www.actluz.com\/blog\/wp-content\/uploads\/2024\/05\/cropped-logo_ACT_200x100.png","width":200,"height":100,"caption":"Blog ACT Luz"},"image":{"@id":"https:\/\/www.actluz.com\/blog\/#\/schema\/logo\/image\/"}},{"@type":"Person","@id":"https:\/\/www.actluz.com\/blog\/#\/schema\/person\/988e0eeb3b9f27ef9707a3e9e793bf51","name":"Copys","image":{"@type":"ImageObject","inLanguage":"es","@id":"https:\/\/www.actluz.com\/blog\/#\/schema\/person\/image\/","url":"https:\/\/secure.gravatar.com\/avatar\/be722cb072877c8a4b5dab2b36a55ce7?s=96&d=mm&r=g","contentUrl":"https:\/\/secure.gravatar.com\/avatar\/be722cb072877c8a4b5dab2b36a55ce7?s=96&d=mm&r=g","caption":"Copys"},"url":"https:\/\/www.actluz.com\/blog\/author\/copys\/"}]}},"uagb_featured_image_src":{"full":["https:\/\/www.actluz.com\/blog\/wp-content\/uploads\/2025\/10\/iluminacion-.jpg",1500,1001,false],"thumbnail":["https:\/\/www.actluz.com\/blog\/wp-content\/uploads\/2025\/10\/iluminacion--150x150.jpg",150,150,true],"medium":["https:\/\/www.actluz.com\/blog\/wp-content\/uploads\/2025\/10\/iluminacion--300x200.jpg",300,200,true],"medium_large":["https:\/\/www.actluz.com\/blog\/wp-content\/uploads\/2025\/10\/iluminacion--768x513.jpg",768,513,true],"large":["https:\/\/www.actluz.com\/blog\/wp-content\/uploads\/2025\/10\/iluminacion--1024x683.jpg",1024,683,true],"1536x1536":["https:\/\/www.actluz.com\/blog\/wp-content\/uploads\/2025\/10\/iluminacion-.jpg",1500,1001,false],"2048x2048":["https:\/\/www.actluz.com\/blog\/wp-content\/uploads\/2025\/10\/iluminacion-.jpg",1500,1001,false]},"uagb_author_info":{"display_name":"Copys","author_link":"https:\/\/www.actluz.com\/blog\/author\/copys\/"},"uagb_comment_info":0,"uagb_excerpt":"La iluminaci\u00f3n de un negocio puede resultar clave para atraer y fidelizar a la clientela, especialmente en algunos establecimientos comerciales [&hellip;]","_links":{"self":[{"href":"https:\/\/www.actluz.com\/blog\/wp-json\/wp\/v2\/posts\/398"}],"collection":[{"href":"https:\/\/www.actluz.com\/blog\/wp-json\/wp\/v2\/posts"}],"about":[{"href":"https:\/\/www.actluz.com\/blog\/wp-json\/wp\/v2\/types\/post"}],"author":[{"embeddable":true,"href":"https:\/\/www.actluz.com\/blog\/wp-json\/wp\/v2\/users\/3"}],"replies":[{"embeddable":true,"href":"https:\/\/www.actluz.com\/blog\/wp-json\/wp\/v2\/comments?post=398"}],"version-history":[{"count":2,"href":"https:\/\/www.actluz.com\/blog\/wp-json\/wp\/v2\/posts\/398\/revisions"}],"predecessor-version":[{"id":401,"href":"https:\/\/www.actluz.com\/blog\/wp-json\/wp\/v2\/posts\/398\/revisions\/401"}],"wp:featuredmedia":[{"embeddable":true,"href":"https:\/\/www.actluz.com\/blog\/wp-json\/wp\/v2\/media\/399"}],"wp:attachment":[{"href":"https:\/\/www.actluz.com\/blog\/wp-json\/wp\/v2\/media?parent=398"}],"wp:term":[{"taxonomy":"category","embeddable":true,"href":"https:\/\/www.actluz.com\/blog\/wp-json\/wp\/v2\/categories?post=398"},{"taxonomy":"post_tag","embeddable":true,"href":"https:\/\/www.actluz.com\/blog\/wp-json\/wp\/v2\/tags?post=398"}],"curies":[{"name":"wp","href":"https:\/\/api.w.org\/{rel}","templated":true}]}}